{"id":188380,"date":"2024-06-04T09:56:09","date_gmt":"2024-06-04T06:56:09","guid":{"rendered":"https:\/\/www.manner.fi\/?p=188380"},"modified":"2024-06-04T09:56:09","modified_gmt":"2024-06-04T06:56:09","slug":"oppettider-under-sommarsemesterperioden","status":"publish","type":"post","link":"https:\/\/www.manner.fi\/sv\/aktuellt\/oppettider-under-sommarsemesterperioden\/","title":{"rendered":"\u00d6ppettider under sommarsemesterperioden"},"content":{"rendered":"<p>Sommarsemestern 2024 n\u00e4rmar sig och vi vill d\u00e4rf\u00f6r informera dig om v\u00e5ra \u00f6ppettider f\u00f6r den kommande sommaren s\u00e5 att du kan planera dina best\u00e4llningar d\u00e4refter.<\/p>\n<p>Manners fabrik och lager kommer att vara st\u00e4ngda fr\u00e5n den 8 juli till den 2 augusti 2024. V\u00e5rt f\u00f6rs\u00e4ljningsteam \u00e4r tillg\u00e4ngligt under hela sommarsemesterperioden. Vi rekommenderar att du beaktar v\u00e5ra \u00f6ppettider och skickar br\u00e5dskande best\u00e4llningar till oss i god tid.<\/p>\n","protected":false},"excerpt":{"rendered":"<p>Sommarsemestern 2024 n\u00e4rmar sig och vi vill d\u00e4rf\u00f6r informera dig om v\u00e5ra \u00f6ppettider f\u00f6r den kommande sommaren s\u00e5 att du kan planera dina best\u00e4llningar d\u00e4refter. Manners fabrik och lager kommer att vara st\u00e4ngda fr\u00e5n den 8 juli till den 2 augusti 2024. V\u00e5rt f\u00f6rs\u00e4ljningsteam \u00e4r tillg\u00e4ngligt under hela sommarsemesterperioden. Vi rekommenderar att du beaktar v\u00e5ra [&hellip;]<\/p>\n","protected":false},"author":1,"featured_media":186006,"comment_status":"closed","ping_status":"open","sticky":false,"template":"","format":"standard","meta":{"_acf_changed":false,"footnotes":""},"categories":[85],"tags":[],"class_list":["post-188380","post","type-post","status-publish","format-standard","has-post-thumbnail","hentry","category-aktuellt"],"acf":[],"yoast_head":"<!-- This site is optimized with the Yoast SEO plugin v25.2 - https:\/\/yoast.com\/wordpress\/plugins\/seo\/ -->\n<title>\u00d6ppettider under sommarsemesterperioden - Manner<\/title>\n<meta name=\"robots\" content=\"index, follow, max-snippet:-1, max-image-preview:large, max-video-preview:-1\" \/>\n<meta property=\"og:locale\" content=\"sv_SE\" \/>\n<meta property=\"og:type\" content=\"article\" \/>\n<meta property=\"og:title\" content=\"\u00d6ppettider under sommarsemesterperioden - Manner\" \/>\n<meta property=\"og:description\" content=\"Sommarsemestern 2024 n\u00e4rmar sig och vi vill d\u00e4rf\u00f6r informera dig om v\u00e5ra \u00f6ppettider f\u00f6r den kommande sommaren s\u00e5 att du kan planera dina best\u00e4llningar d\u00e4refter. Manners fabrik och lager kommer att vara st\u00e4ngda fr\u00e5n den 8 juli till den 2 augusti 2024. V\u00e5rt f\u00f6rs\u00e4ljningsteam \u00e4r tillg\u00e4ngligt under hela sommarsemesterperioden. Vi rekommenderar att du beaktar v\u00e5ra [&hellip;]\" \/>\n<meta property=\"og:url\" content=\"https:\/\/www.manner.fi\/sv\/aktuellt\/oppettider-under-sommarsemesterperioden\/\" \/>\n<meta property=\"og:site_name\" content=\"Manner\" \/>\n<meta property=\"article:published_time\" content=\"2024-06-04T06:56:09+00:00\" \/>\n<meta property=\"og:image\" content=\"https:\/\/www.manner.fi\/wp-content\/uploads\/2020\/01\/shutterstock_1132867904-scaled.jpg\" \/>\n\t<meta property=\"og:image:width\" content=\"2560\" \/>\n\t<meta property=\"og:image:height\" content=\"1440\" \/>\n\t<meta property=\"og:image:type\" content=\"image\/jpeg\" \/>\n<meta name=\"author\" content=\"doop\" \/>\n<meta name=\"twitter:card\" content=\"summary_large_image\" \/>\n<meta name=\"twitter:label1\" content=\"Skriven av\" \/>\n\t<meta name=\"twitter:data1\" content=\"doop\" \/>\n\t<meta name=\"twitter:label2\" content=\"Ber\u00e4knad l\u00e4stid\" \/>\n\t<meta name=\"twitter:data2\" content=\"1 minut\" \/>\n<script type=\"application\/ld+json\" class=\"yoast-schema-graph\">{\"@context\":\"https:\/\/schema.org\",\"@graph\":[{\"@type\":\"WebPage\",\"@id\":\"https:\/\/www.manner.fi\/sv\/aktuellt\/oppettider-under-sommarsemesterperioden\/\",\"url\":\"https:\/\/www.manner.fi\/sv\/aktuellt\/oppettider-under-sommarsemesterperioden\/\",\"name\":\"\u00d6ppettider under sommarsemesterperioden - Manner\",\"isPartOf\":{\"@id\":\"https:\/\/www.manner.fi\/#website\"},\"primaryImageOfPage\":{\"@id\":\"https:\/\/www.manner.fi\/sv\/aktuellt\/oppettider-under-sommarsemesterperioden\/#primaryimage\"},\"image\":{\"@id\":\"https:\/\/www.manner.fi\/sv\/aktuellt\/oppettider-under-sommarsemesterperioden\/#primaryimage\"},\"thumbnailUrl\":\"https:\/\/www.manner.fi\/wp-content\/uploads\/2020\/01\/shutterstock_1132867904-scaled.jpg\",\"datePublished\":\"2024-06-04T06:56:09+00:00\",\"author\":{\"@id\":\"https:\/\/www.manner.fi\/#\/schema\/person\/675766ccac8de189ecefab82b71925da\"},\"breadcrumb\":{\"@id\":\"https:\/\/www.manner.fi\/sv\/aktuellt\/oppettider-under-sommarsemesterperioden\/#breadcrumb\"},\"inLanguage\":\"sv-SE\",\"potentialAction\":[{\"@type\":\"ReadAction\",\"target\":[\"https:\/\/www.manner.fi\/sv\/aktuellt\/oppettider-under-sommarsemesterperioden\/\"]}]},{\"@type\":\"ImageObject\",\"inLanguage\":\"sv-SE\",\"@id\":\"https:\/\/www.manner.fi\/sv\/aktuellt\/oppettider-under-sommarsemesterperioden\/#primaryimage\",\"url\":\"https:\/\/www.manner.fi\/wp-content\/uploads\/2020\/01\/shutterstock_1132867904-scaled.jpg\",\"contentUrl\":\"https:\/\/www.manner.fi\/wp-content\/uploads\/2020\/01\/shutterstock_1132867904-scaled.jpg\",\"width\":2560,\"height\":1440},{\"@type\":\"BreadcrumbList\",\"@id\":\"https:\/\/www.manner.fi\/sv\/aktuellt\/oppettider-under-sommarsemesterperioden\/#breadcrumb\",\"itemListElement\":[{\"@type\":\"ListItem\",\"position\":1,\"name\":\"Home\",\"item\":\"https:\/\/www.manner.fi\/sv\/\"},{\"@type\":\"ListItem\",\"position\":2,\"name\":\"\u00d6ppettider under sommarsemesterperioden\"}]},{\"@type\":\"WebSite\",\"@id\":\"https:\/\/www.manner.fi\/#website\",\"url\":\"https:\/\/www.manner.fi\/\",\"name\":\"Manner\",\"description\":\"Smart Moves on Manner Castors\",\"potentialAction\":[{\"@type\":\"SearchAction\",\"target\":{\"@type\":\"EntryPoint\",\"urlTemplate\":\"https:\/\/www.manner.fi\/?s={search_term_string}\"},\"query-input\":{\"@type\":\"PropertyValueSpecification\",\"valueRequired\":true,\"valueName\":\"search_term_string\"}}],\"inLanguage\":\"sv-SE\"},{\"@type\":\"Person\",\"@id\":\"https:\/\/www.manner.fi\/#\/schema\/person\/675766ccac8de189ecefab82b71925da\",\"name\":\"doop\",\"image\":{\"@type\":\"ImageObject\",\"inLanguage\":\"sv-SE\",\"@id\":\"https:\/\/www.manner.fi\/#\/schema\/person\/image\/\",\"url\":\"https:\/\/secure.gravatar.com\/avatar\/3c90eee45f6c64fe078c59be292cfa32829c00d518bb4606607ed00fe1d8e437?s=96&d=mm&r=g\",\"contentUrl\":\"https:\/\/secure.gravatar.com\/avatar\/3c90eee45f6c64fe078c59be292cfa32829c00d518bb4606607ed00fe1d8e437?s=96&d=mm&r=g\",\"caption\":\"doop\"}}]}<\/script>\n<!-- \/ Yoast SEO plugin. -->","yoast_head_json":{"title":"\u00d6ppettider under sommarsemesterperioden - Manner","robots":{"index":"index","follow":"follow","max-snippet":"max-snippet:-1","max-image-preview":"max-image-preview:large","max-video-preview":"max-video-preview:-1"},"og_locale":"sv_SE","og_type":"article","og_title":"\u00d6ppettider under sommarsemesterperioden - Manner","og_description":"Sommarsemestern 2024 n\u00e4rmar sig och vi vill d\u00e4rf\u00f6r informera dig om v\u00e5ra \u00f6ppettider f\u00f6r den kommande sommaren s\u00e5 att du kan planera dina best\u00e4llningar d\u00e4refter. Manners fabrik och lager kommer att vara st\u00e4ngda fr\u00e5n den 8 juli till den 2 augusti 2024. V\u00e5rt f\u00f6rs\u00e4ljningsteam \u00e4r tillg\u00e4ngligt under hela sommarsemesterperioden. Vi rekommenderar att du beaktar v\u00e5ra [&hellip;]","og_url":"https:\/\/www.manner.fi\/sv\/aktuellt\/oppettider-under-sommarsemesterperioden\/","og_site_name":"Manner","article_published_time":"2024-06-04T06:56:09+00:00","og_image":[{"width":2560,"height":1440,"url":"https:\/\/www.manner.fi\/wp-content\/uploads\/2020\/01\/shutterstock_1132867904-scaled.jpg","type":"image\/jpeg"}],"author":"doop","twitter_card":"summary_large_image","twitter_misc":{"Skriven av":"doop","Ber\u00e4knad l\u00e4stid":"1 minut"},"schema":{"@context":"https:\/\/schema.org","@graph":[{"@type":"WebPage","@id":"https:\/\/www.manner.fi\/sv\/aktuellt\/oppettider-under-sommarsemesterperioden\/","url":"https:\/\/www.manner.fi\/sv\/aktuellt\/oppettider-under-sommarsemesterperioden\/","name":"\u00d6ppettider under sommarsemesterperioden - Manner","isPartOf":{"@id":"https:\/\/www.manner.fi\/#website"},"primaryImageOfPage":{"@id":"https:\/\/www.manner.fi\/sv\/aktuellt\/oppettider-under-sommarsemesterperioden\/#primaryimage"},"image":{"@id":"https:\/\/www.manner.fi\/sv\/aktuellt\/oppettider-under-sommarsemesterperioden\/#primaryimage"},"thumbnailUrl":"https:\/\/www.manner.fi\/wp-content\/uploads\/2020\/01\/shutterstock_1132867904-scaled.jpg","datePublished":"2024-06-04T06:56:09+00:00","author":{"@id":"https:\/\/www.manner.fi\/#\/schema\/person\/675766ccac8de189ecefab82b71925da"},"breadcrumb":{"@id":"https:\/\/www.manner.fi\/sv\/aktuellt\/oppettider-under-sommarsemesterperioden\/#breadcrumb"},"inLanguage":"sv-SE","potentialAction":[{"@type":"ReadAction","target":["https:\/\/www.manner.fi\/sv\/aktuellt\/oppettider-under-sommarsemesterperioden\/"]}]},{"@type":"ImageObject","inLanguage":"sv-SE","@id":"https:\/\/www.manner.fi\/sv\/aktuellt\/oppettider-under-sommarsemesterperioden\/#primaryimage","url":"https:\/\/www.manner.fi\/wp-content\/uploads\/2020\/01\/shutterstock_1132867904-scaled.jpg","contentUrl":"https:\/\/www.manner.fi\/wp-content\/uploads\/2020\/01\/shutterstock_1132867904-scaled.jpg","width":2560,"height":1440},{"@type":"BreadcrumbList","@id":"https:\/\/www.manner.fi\/sv\/aktuellt\/oppettider-under-sommarsemesterperioden\/#breadcrumb","itemListElement":[{"@type":"ListItem","position":1,"name":"Home","item":"https:\/\/www.manner.fi\/sv\/"},{"@type":"ListItem","position":2,"name":"\u00d6ppettider under sommarsemesterperioden"}]},{"@type":"WebSite","@id":"https:\/\/www.manner.fi\/#website","url":"https:\/\/www.manner.fi\/","name":"Manner","description":"Smart Moves on Manner Castors","potentialAction":[{"@type":"SearchAction","target":{"@type":"EntryPoint","urlTemplate":"https:\/\/www.manner.fi\/?s={search_term_string}"},"query-input":{"@type":"PropertyValueSpecification","valueRequired":true,"valueName":"search_term_string"}}],"inLanguage":"sv-SE"},{"@type":"Person","@id":"https:\/\/www.manner.fi\/#\/schema\/person\/675766ccac8de189ecefab82b71925da","name":"doop","image":{"@type":"ImageObject","inLanguage":"sv-SE","@id":"https:\/\/www.manner.fi\/#\/schema\/person\/image\/","url":"https:\/\/secure.gravatar.com\/avatar\/3c90eee45f6c64fe078c59be292cfa32829c00d518bb4606607ed00fe1d8e437?s=96&d=mm&r=g","contentUrl":"https:\/\/secure.gravatar.com\/avatar\/3c90eee45f6c64fe078c59be292cfa32829c00d518bb4606607ed00fe1d8e437?s=96&d=mm&r=g","caption":"doop"}}]}},"_links":{"self":[{"href":"https:\/\/www.manner.fi\/sv\/wp-json\/wp\/v2\/posts\/188380","targetHints":{"allow":["GET"]}}],"collection":[{"href":"https:\/\/www.manner.fi\/sv\/wp-json\/wp\/v2\/posts"}],"about":[{"href":"https:\/\/www.manner.fi\/sv\/wp-json\/wp\/v2\/types\/post"}],"author":[{"embeddable":true,"href":"https:\/\/www.manner.fi\/sv\/wp-json\/wp\/v2\/users\/1"}],"replies":[{"embeddable":true,"href":"https:\/\/www.manner.fi\/sv\/wp-json\/wp\/v2\/comments?post=188380"}],"version-history":[{"count":1,"href":"https:\/\/www.manner.fi\/sv\/wp-json\/wp\/v2\/posts\/188380\/revisions"}],"predecessor-version":[{"id":188381,"href":"https:\/\/www.manner.fi\/sv\/wp-json\/wp\/v2\/posts\/188380\/revisions\/188381"}],"wp:featuredmedia":[{"embeddable":true,"href":"https:\/\/www.manner.fi\/sv\/wp-json\/wp\/v2\/media\/186006"}],"wp:attachment":[{"href":"https:\/\/www.manner.fi\/sv\/wp-json\/wp\/v2\/media?parent=188380"}],"wp:term":[{"taxonomy":"category","embeddable":true,"href":"https:\/\/www.manner.fi\/sv\/wp-json\/wp\/v2\/categories?post=188380"},{"taxonomy":"post_tag","embeddable":true,"href":"https:\/\/www.manner.fi\/sv\/wp-json\/wp\/v2\/tags?post=188380"}],"curies":[{"name":"wp","href":"https:\/\/api.w.org\/{rel}","templated":true}]}}