{"id":188006,"date":"2022-05-17T11:06:56","date_gmt":"2022-05-17T08:06:56","guid":{"rendered":"https:\/\/www.manner.fi\/?p=188006"},"modified":"2022-05-18T14:11:45","modified_gmt":"2022-05-18T11:11:45","slug":"manners-oppettider-under-sommaren-2","status":"publish","type":"post","link":"https:\/\/www.manner.fi\/sv\/aktuellt\/manners-oppettider-under-sommaren-2\/","title":{"rendered":"Manners \u00f6ppettider under sommaren"},"content":{"rendered":"<h2 style=\"font-weight: 400; text-align: center;\"><strong>Manners \u00f6ppettider under sommaren<\/strong><\/h2>\n<p style=\"font-weight: 400; text-align: center;\">Vi ber er v\u00e4nligen observera att v\u00e5r semesterperiod \u00e4r veckorna 28\u201331 och v\u00e5r fabrik \u00e4r d\u00e5 st\u00e4ngd.<\/p>\n<p style=\"font-weight: 400; text-align: center;\">V\u00e5r f\u00f6rs\u00e4ljningsavdelning kommer dock att betj\u00e4na er under hela sommaren.<\/p>\n<p style=\"font-weight: 400; text-align: center;\">Ha en sk\u00f6n sommar!<\/p>\n<p style=\"font-weight: 400; text-align: center;\">Notera \u00e4ven att hela v\u00e5r fabrik kommer att vara st\u00e4ngd fr\u00e5n 26.\u201327.5.<\/p>\n<p style=\"text-align: center;\"><img loading=\"lazy\" decoding=\"async\" class=\"aligncenter size-full wp-image-188000\" src=\"https:\/\/www.manner.fi\/wp-content\/uploads\/2022\/05\/manner_uutiskirjepohja_hero_kesa2022__600x400.jpg\" alt=\"\" width=\"600\" height=\"400\" srcset=\"https:\/\/www.manner.fi\/wp-content\/uploads\/2022\/05\/manner_uutiskirjepohja_hero_kesa2022__600x400.jpg 600w, https:\/\/www.manner.fi\/wp-content\/uploads\/2022\/05\/manner_uutiskirjepohja_hero_kesa2022__600x400-300x200.jpg 300w\" sizes=\"auto, (max-width: 600px) 100vw, 600px\" \/><\/p>\n","protected":false},"excerpt":{"rendered":"<p>Manners \u00f6ppettider under sommaren Vi ber er v\u00e4nligen observera att v\u00e5r semesterperiod \u00e4r veckorna 28\u201331 och v\u00e5r fabrik \u00e4r d\u00e5 st\u00e4ngd. V\u00e5r f\u00f6rs\u00e4ljningsavdelning kommer dock att betj\u00e4na er under hela sommaren. Ha en sk\u00f6n sommar! Notera \u00e4ven att hela v\u00e5r fabrik kommer att vara st\u00e4ngd fr\u00e5n 26.\u201327.5.<\/p>\n","protected":false},"author":1,"featured_media":0,"comment_status":"closed","ping_status":"open","sticky":false,"template":"","format":"standard","meta":{"_acf_changed":false,"footnotes":""},"categories":[85],"tags":[],"class_list":["post-188006","post","type-post","status-publish","format-standard","hentry","category-aktuellt"],"acf":[],"yoast_head":"<!-- This site is optimized with the Yoast SEO plugin v25.2 - https:\/\/yoast.com\/wordpress\/plugins\/seo\/ -->\n<title>Manners \u00f6ppettider under sommaren - Manner<\/title>\n<meta name=\"robots\" content=\"index, follow, max-snippet:-1, max-image-preview:large, max-video-preview:-1\" \/>\n<meta property=\"og:locale\" content=\"sv_SE\" \/>\n<meta property=\"og:type\" content=\"article\" \/>\n<meta property=\"og:title\" content=\"Manners \u00f6ppettider under sommaren - Manner\" \/>\n<meta property=\"og:description\" content=\"Manners \u00f6ppettider under sommaren Vi ber er v\u00e4nligen observera att v\u00e5r semesterperiod \u00e4r veckorna 28\u201331 och v\u00e5r fabrik \u00e4r d\u00e5 st\u00e4ngd. V\u00e5r f\u00f6rs\u00e4ljningsavdelning kommer dock att betj\u00e4na er under hela sommaren. Ha en sk\u00f6n sommar! Notera \u00e4ven att hela v\u00e5r fabrik kommer att vara st\u00e4ngd fr\u00e5n 26.\u201327.5.\" \/>\n<meta property=\"og:url\" content=\"https:\/\/www.manner.fi\/sv\/aktuellt\/manners-oppettider-under-sommaren-2\/\" \/>\n<meta property=\"og:site_name\" content=\"Manner\" \/>\n<meta property=\"article:published_time\" content=\"2022-05-17T08:06:56+00:00\" \/>\n<meta property=\"article:modified_time\" content=\"2022-05-18T11:11:45+00:00\" \/>\n<meta property=\"og:image\" content=\"https:\/\/www.manner.fi\/wp-content\/uploads\/2022\/05\/manner_uutiskirjepohja_hero_kesa2022__600x400.jpg\" \/>\n<meta name=\"author\" content=\"doop\" \/>\n<meta name=\"twitter:card\" content=\"summary_large_image\" \/>\n<meta name=\"twitter:label1\" content=\"Skriven av\" \/>\n\t<meta name=\"twitter:data1\" content=\"doop\" \/>\n\t<meta name=\"twitter:label2\" content=\"Ber\u00e4knad l\u00e4stid\" \/>\n\t<meta name=\"twitter:data2\" content=\"1 minut\" \/>\n<script type=\"application\/ld+json\" class=\"yoast-schema-graph\">{\"@context\":\"https:\/\/schema.org\",\"@graph\":[{\"@type\":\"WebPage\",\"@id\":\"https:\/\/www.manner.fi\/sv\/aktuellt\/manners-oppettider-under-sommaren-2\/\",\"url\":\"https:\/\/www.manner.fi\/sv\/aktuellt\/manners-oppettider-under-sommaren-2\/\",\"name\":\"Manners \u00f6ppettider under sommaren - Manner\",\"isPartOf\":{\"@id\":\"https:\/\/www.manner.fi\/#website\"},\"primaryImageOfPage\":{\"@id\":\"https:\/\/www.manner.fi\/sv\/aktuellt\/manners-oppettider-under-sommaren-2\/#primaryimage\"},\"image\":{\"@id\":\"https:\/\/www.manner.fi\/sv\/aktuellt\/manners-oppettider-under-sommaren-2\/#primaryimage\"},\"thumbnailUrl\":\"https:\/\/www.manner.fi\/wp-content\/uploads\/2022\/05\/manner_uutiskirjepohja_hero_kesa2022__600x400.jpg\",\"datePublished\":\"2022-05-17T08:06:56+00:00\",\"dateModified\":\"2022-05-18T11:11:45+00:00\",\"author\":{\"@id\":\"https:\/\/www.manner.fi\/#\/schema\/person\/675766ccac8de189ecefab82b71925da\"},\"breadcrumb\":{\"@id\":\"https:\/\/www.manner.fi\/sv\/aktuellt\/manners-oppettider-under-sommaren-2\/#breadcrumb\"},\"inLanguage\":\"sv-SE\",\"potentialAction\":[{\"@type\":\"ReadAction\",\"target\":[\"https:\/\/www.manner.fi\/sv\/aktuellt\/manners-oppettider-under-sommaren-2\/\"]}]},{\"@type\":\"ImageObject\",\"inLanguage\":\"sv-SE\",\"@id\":\"https:\/\/www.manner.fi\/sv\/aktuellt\/manners-oppettider-under-sommaren-2\/#primaryimage\",\"url\":\"https:\/\/www.manner.fi\/wp-content\/uploads\/2022\/05\/manner_uutiskirjepohja_hero_kesa2022__600x400.jpg\",\"contentUrl\":\"https:\/\/www.manner.fi\/wp-content\/uploads\/2022\/05\/manner_uutiskirjepohja_hero_kesa2022__600x400.jpg\"},{\"@type\":\"BreadcrumbList\",\"@id\":\"https:\/\/www.manner.fi\/sv\/aktuellt\/manners-oppettider-under-sommaren-2\/#breadcrumb\",\"itemListElement\":[{\"@type\":\"ListItem\",\"position\":1,\"name\":\"Home\",\"item\":\"https:\/\/www.manner.fi\/sv\/\"},{\"@type\":\"ListItem\",\"position\":2,\"name\":\"Manners \u00f6ppettider under sommaren\"}]},{\"@type\":\"WebSite\",\"@id\":\"https:\/\/www.manner.fi\/#website\",\"url\":\"https:\/\/www.manner.fi\/\",\"name\":\"Manner\",\"description\":\"Smart Moves on Manner Castors\",\"potentialAction\":[{\"@type\":\"SearchAction\",\"target\":{\"@type\":\"EntryPoint\",\"urlTemplate\":\"https:\/\/www.manner.fi\/?s={search_term_string}\"},\"query-input\":{\"@type\":\"PropertyValueSpecification\",\"valueRequired\":true,\"valueName\":\"search_term_string\"}}],\"inLanguage\":\"sv-SE\"},{\"@type\":\"Person\",\"@id\":\"https:\/\/www.manner.fi\/#\/schema\/person\/675766ccac8de189ecefab82b71925da\",\"name\":\"doop\",\"image\":{\"@type\":\"ImageObject\",\"inLanguage\":\"sv-SE\",\"@id\":\"https:\/\/www.manner.fi\/#\/schema\/person\/image\/\",\"url\":\"https:\/\/secure.gravatar.com\/avatar\/3c90eee45f6c64fe078c59be292cfa32829c00d518bb4606607ed00fe1d8e437?s=96&d=mm&r=g\",\"contentUrl\":\"https:\/\/secure.gravatar.com\/avatar\/3c90eee45f6c64fe078c59be292cfa32829c00d518bb4606607ed00fe1d8e437?s=96&d=mm&r=g\",\"caption\":\"doop\"}}]}<\/script>\n<!-- \/ Yoast SEO plugin. -->","yoast_head_json":{"title":"Manners \u00f6ppettider under sommaren - Manner","robots":{"index":"index","follow":"follow","max-snippet":"max-snippet:-1","max-image-preview":"max-image-preview:large","max-video-preview":"max-video-preview:-1"},"og_locale":"sv_SE","og_type":"article","og_title":"Manners \u00f6ppettider under sommaren - Manner","og_description":"Manners \u00f6ppettider under sommaren Vi ber er v\u00e4nligen observera att v\u00e5r semesterperiod \u00e4r veckorna 28\u201331 och v\u00e5r fabrik \u00e4r d\u00e5 st\u00e4ngd. V\u00e5r f\u00f6rs\u00e4ljningsavdelning kommer dock att betj\u00e4na er under hela sommaren. Ha en sk\u00f6n sommar! Notera \u00e4ven att hela v\u00e5r fabrik kommer att vara st\u00e4ngd fr\u00e5n 26.\u201327.5.","og_url":"https:\/\/www.manner.fi\/sv\/aktuellt\/manners-oppettider-under-sommaren-2\/","og_site_name":"Manner","article_published_time":"2022-05-17T08:06:56+00:00","article_modified_time":"2022-05-18T11:11:45+00:00","og_image":[{"url":"https:\/\/www.manner.fi\/wp-content\/uploads\/2022\/05\/manner_uutiskirjepohja_hero_kesa2022__600x400.jpg","type":"","width":"","height":""}],"author":"doop","twitter_card":"summary_large_image","twitter_misc":{"Skriven av":"doop","Ber\u00e4knad l\u00e4stid":"1 minut"},"schema":{"@context":"https:\/\/schema.org","@graph":[{"@type":"WebPage","@id":"https:\/\/www.manner.fi\/sv\/aktuellt\/manners-oppettider-under-sommaren-2\/","url":"https:\/\/www.manner.fi\/sv\/aktuellt\/manners-oppettider-under-sommaren-2\/","name":"Manners \u00f6ppettider under sommaren - Manner","isPartOf":{"@id":"https:\/\/www.manner.fi\/#website"},"primaryImageOfPage":{"@id":"https:\/\/www.manner.fi\/sv\/aktuellt\/manners-oppettider-under-sommaren-2\/#primaryimage"},"image":{"@id":"https:\/\/www.manner.fi\/sv\/aktuellt\/manners-oppettider-under-sommaren-2\/#primaryimage"},"thumbnailUrl":"https:\/\/www.manner.fi\/wp-content\/uploads\/2022\/05\/manner_uutiskirjepohja_hero_kesa2022__600x400.jpg","datePublished":"2022-05-17T08:06:56+00:00","dateModified":"2022-05-18T11:11:45+00:00","author":{"@id":"https:\/\/www.manner.fi\/#\/schema\/person\/675766ccac8de189ecefab82b71925da"},"breadcrumb":{"@id":"https:\/\/www.manner.fi\/sv\/aktuellt\/manners-oppettider-under-sommaren-2\/#breadcrumb"},"inLanguage":"sv-SE","potentialAction":[{"@type":"ReadAction","target":["https:\/\/www.manner.fi\/sv\/aktuellt\/manners-oppettider-under-sommaren-2\/"]}]},{"@type":"ImageObject","inLanguage":"sv-SE","@id":"https:\/\/www.manner.fi\/sv\/aktuellt\/manners-oppettider-under-sommaren-2\/#primaryimage","url":"https:\/\/www.manner.fi\/wp-content\/uploads\/2022\/05\/manner_uutiskirjepohja_hero_kesa2022__600x400.jpg","contentUrl":"https:\/\/www.manner.fi\/wp-content\/uploads\/2022\/05\/manner_uutiskirjepohja_hero_kesa2022__600x400.jpg"},{"@type":"BreadcrumbList","@id":"https:\/\/www.manner.fi\/sv\/aktuellt\/manners-oppettider-under-sommaren-2\/#breadcrumb","itemListElement":[{"@type":"ListItem","position":1,"name":"Home","item":"https:\/\/www.manner.fi\/sv\/"},{"@type":"ListItem","position":2,"name":"Manners \u00f6ppettider under sommaren"}]},{"@type":"WebSite","@id":"https:\/\/www.manner.fi\/#website","url":"https:\/\/www.manner.fi\/","name":"Manner","description":"Smart Moves on Manner Castors","potentialAction":[{"@type":"SearchAction","target":{"@type":"EntryPoint","urlTemplate":"https:\/\/www.manner.fi\/?s={search_term_string}"},"query-input":{"@type":"PropertyValueSpecification","valueRequired":true,"valueName":"search_term_string"}}],"inLanguage":"sv-SE"},{"@type":"Person","@id":"https:\/\/www.manner.fi\/#\/schema\/person\/675766ccac8de189ecefab82b71925da","name":"doop","image":{"@type":"ImageObject","inLanguage":"sv-SE","@id":"https:\/\/www.manner.fi\/#\/schema\/person\/image\/","url":"https:\/\/secure.gravatar.com\/avatar\/3c90eee45f6c64fe078c59be292cfa32829c00d518bb4606607ed00fe1d8e437?s=96&d=mm&r=g","contentUrl":"https:\/\/secure.gravatar.com\/avatar\/3c90eee45f6c64fe078c59be292cfa32829c00d518bb4606607ed00fe1d8e437?s=96&d=mm&r=g","caption":"doop"}}]}},"_links":{"self":[{"href":"https:\/\/www.manner.fi\/sv\/wp-json\/wp\/v2\/posts\/188006","targetHints":{"allow":["GET"]}}],"collection":[{"href":"https:\/\/www.manner.fi\/sv\/wp-json\/wp\/v2\/posts"}],"about":[{"href":"https:\/\/www.manner.fi\/sv\/wp-json\/wp\/v2\/types\/post"}],"author":[{"embeddable":true,"href":"https:\/\/www.manner.fi\/sv\/wp-json\/wp\/v2\/users\/1"}],"replies":[{"embeddable":true,"href":"https:\/\/www.manner.fi\/sv\/wp-json\/wp\/v2\/comments?post=188006"}],"version-history":[{"count":2,"href":"https:\/\/www.manner.fi\/sv\/wp-json\/wp\/v2\/posts\/188006\/revisions"}],"predecessor-version":[{"id":188010,"href":"https:\/\/www.manner.fi\/sv\/wp-json\/wp\/v2\/posts\/188006\/revisions\/188010"}],"wp:attachment":[{"href":"https:\/\/www.manner.fi\/sv\/wp-json\/wp\/v2\/media?parent=188006"}],"wp:term":[{"taxonomy":"category","embeddable":true,"href":"https:\/\/www.manner.fi\/sv\/wp-json\/wp\/v2\/categories?post=188006"},{"taxonomy":"post_tag","embeddable":true,"href":"https:\/\/www.manner.fi\/sv\/wp-json\/wp\/v2\/tags?post=188006"}],"curies":[{"name":"wp","href":"https:\/\/api.w.org\/{rel}","templated":true}]}}