{"id":186403,"date":"2020-05-29T10:28:49","date_gmt":"2020-05-29T07:28:49","guid":{"rendered":"https:\/\/www.manner.fi\/?p=186403"},"modified":"2020-05-29T10:28:49","modified_gmt":"2020-05-29T07:28:49","slug":"geschaeftszeiten-im-sommer-2","status":"publish","type":"post","link":"https:\/\/www.manner.fi\/de\/nachrichten\/geschaeftszeiten-im-sommer-2\/","title":{"rendered":"Gesch\u00e4ftszeiten im Sommer"},"content":{"rendered":"<p>Die Produktion der hochwertigen Manner-Produkte l\u00e4uft auch im Sommer auf vollen Touren, mit Ausnahme der Werksferien in den Wochen 31 und 32. Wir bitten Sie darum, dies bei Ihrer Planung zu ber\u00fccksichtigen.<\/p>\n<p>Bestellungen und Anfragen nehmen wir auch w\u00e4hrend der Werksferien gerne entgegen. Unser Verkaufsteam ist mit Ausnahme von Woche 31 den ganzen Sommer \u00fcber f\u00fcr Sie da.<\/p>\n<p>Wir w\u00fcnschen Ihnen einen sch\u00f6nen Sommer!<\/p>\n","protected":false},"excerpt":{"rendered":"<p>Die Produktion der hochwertigen Manner-Produkte l\u00e4uft auch im Sommer auf vollen Touren, mit Ausnahme der Werksferien in den Wochen 31 und 32. Wir bitten Sie darum, dies bei Ihrer Planung zu ber\u00fccksichtigen. Bestellungen und Anfragen nehmen wir auch w\u00e4hrend der Werksferien gerne entgegen. Unser Verkaufsteam ist mit Ausnahme von Woche 31 den ganzen Sommer \u00fcber [&hellip;]<\/p>\n","protected":false},"author":1,"featured_media":186006,"comment_status":"closed","ping_status":"open","sticky":false,"template":"","format":"standard","meta":{"_acf_changed":false,"footnotes":""},"categories":[86],"tags":[],"class_list":["post-186403","post","type-post","status-publish","format-standard","has-post-thumbnail","hentry","category-nachrichten"],"acf":[],"yoast_head":"<!-- This site is optimized with the Yoast SEO plugin v25.2 - https:\/\/yoast.com\/wordpress\/plugins\/seo\/ -->\n<title>Gesch\u00e4ftszeiten im Sommer - Manner<\/title>\n<meta name=\"robots\" content=\"index, follow, max-snippet:-1, max-image-preview:large, max-video-preview:-1\" \/>\n<meta property=\"og:locale\" content=\"de_DE\" \/>\n<meta property=\"og:type\" content=\"article\" \/>\n<meta property=\"og:title\" content=\"Gesch\u00e4ftszeiten im Sommer - Manner\" \/>\n<meta property=\"og:description\" content=\"Die Produktion der hochwertigen Manner-Produkte l\u00e4uft auch im Sommer auf vollen Touren, mit Ausnahme der Werksferien in den Wochen 31 und 32. Wir bitten Sie darum, dies bei Ihrer Planung zu ber\u00fccksichtigen. Bestellungen und Anfragen nehmen wir auch w\u00e4hrend der Werksferien gerne entgegen. Unser Verkaufsteam ist mit Ausnahme von Woche 31 den ganzen Sommer \u00fcber [&hellip;]\" \/>\n<meta property=\"og:url\" content=\"https:\/\/www.manner.fi\/de\/nachrichten\/geschaeftszeiten-im-sommer-2\/\" \/>\n<meta property=\"og:site_name\" content=\"Manner\" \/>\n<meta property=\"article:published_time\" content=\"2020-05-29T07:28:49+00:00\" \/>\n<meta property=\"og:image\" content=\"https:\/\/www.manner.fi\/wp-content\/uploads\/2020\/01\/shutterstock_1132867904-scaled.jpg\" \/>\n\t<meta property=\"og:image:width\" content=\"2560\" \/>\n\t<meta property=\"og:image:height\" content=\"1440\" \/>\n\t<meta property=\"og:image:type\" content=\"image\/jpeg\" \/>\n<meta name=\"author\" content=\"doop\" \/>\n<meta name=\"twitter:card\" content=\"summary_large_image\" \/>\n<meta name=\"twitter:label1\" content=\"Verfasst von\" \/>\n\t<meta name=\"twitter:data1\" content=\"doop\" \/>\n<script type=\"application\/ld+json\" class=\"yoast-schema-graph\">{\"@context\":\"https:\/\/schema.org\",\"@graph\":[{\"@type\":\"WebPage\",\"@id\":\"https:\/\/www.manner.fi\/de\/nachrichten\/geschaeftszeiten-im-sommer-2\/\",\"url\":\"https:\/\/www.manner.fi\/de\/nachrichten\/geschaeftszeiten-im-sommer-2\/\",\"name\":\"Gesch\u00e4ftszeiten im Sommer - Manner\",\"isPartOf\":{\"@id\":\"https:\/\/www.manner.fi\/#website\"},\"primaryImageOfPage\":{\"@id\":\"https:\/\/www.manner.fi\/de\/nachrichten\/geschaeftszeiten-im-sommer-2\/#primaryimage\"},\"image\":{\"@id\":\"https:\/\/www.manner.fi\/de\/nachrichten\/geschaeftszeiten-im-sommer-2\/#primaryimage\"},\"thumbnailUrl\":\"https:\/\/www.manner.fi\/wp-content\/uploads\/2020\/01\/shutterstock_1132867904-scaled.jpg\",\"datePublished\":\"2020-05-29T07:28:49+00:00\",\"author\":{\"@id\":\"https:\/\/www.manner.fi\/#\/schema\/person\/675766ccac8de189ecefab82b71925da\"},\"breadcrumb\":{\"@id\":\"https:\/\/www.manner.fi\/de\/nachrichten\/geschaeftszeiten-im-sommer-2\/#breadcrumb\"},\"inLanguage\":\"de\",\"potentialAction\":[{\"@type\":\"ReadAction\",\"target\":[\"https:\/\/www.manner.fi\/de\/nachrichten\/geschaeftszeiten-im-sommer-2\/\"]}]},{\"@type\":\"ImageObject\",\"inLanguage\":\"de\",\"@id\":\"https:\/\/www.manner.fi\/de\/nachrichten\/geschaeftszeiten-im-sommer-2\/#primaryimage\",\"url\":\"https:\/\/www.manner.fi\/wp-content\/uploads\/2020\/01\/shutterstock_1132867904-scaled.jpg\",\"contentUrl\":\"https:\/\/www.manner.fi\/wp-content\/uploads\/2020\/01\/shutterstock_1132867904-scaled.jpg\",\"width\":2560,\"height\":1440},{\"@type\":\"BreadcrumbList\",\"@id\":\"https:\/\/www.manner.fi\/de\/nachrichten\/geschaeftszeiten-im-sommer-2\/#breadcrumb\",\"itemListElement\":[{\"@type\":\"ListItem\",\"position\":1,\"name\":\"Home\",\"item\":\"https:\/\/www.manner.fi\/de\/\"},{\"@type\":\"ListItem\",\"position\":2,\"name\":\"Gesch\u00e4ftszeiten im Sommer\"}]},{\"@type\":\"WebSite\",\"@id\":\"https:\/\/www.manner.fi\/#website\",\"url\":\"https:\/\/www.manner.fi\/\",\"name\":\"Manner\",\"description\":\"Smart Moves on Manner Castors\",\"potentialAction\":[{\"@type\":\"SearchAction\",\"target\":{\"@type\":\"EntryPoint\",\"urlTemplate\":\"https:\/\/www.manner.fi\/?s={search_term_string}\"},\"query-input\":{\"@type\":\"PropertyValueSpecification\",\"valueRequired\":true,\"valueName\":\"search_term_string\"}}],\"inLanguage\":\"de\"},{\"@type\":\"Person\",\"@id\":\"https:\/\/www.manner.fi\/#\/schema\/person\/675766ccac8de189ecefab82b71925da\",\"name\":\"doop\",\"image\":{\"@type\":\"ImageObject\",\"inLanguage\":\"de\",\"@id\":\"https:\/\/www.manner.fi\/#\/schema\/person\/image\/\",\"url\":\"https:\/\/secure.gravatar.com\/avatar\/3c90eee45f6c64fe078c59be292cfa32829c00d518bb4606607ed00fe1d8e437?s=96&d=mm&r=g\",\"contentUrl\":\"https:\/\/secure.gravatar.com\/avatar\/3c90eee45f6c64fe078c59be292cfa32829c00d518bb4606607ed00fe1d8e437?s=96&d=mm&r=g\",\"caption\":\"doop\"}}]}<\/script>\n<!-- \/ Yoast SEO plugin. -->","yoast_head_json":{"title":"Gesch\u00e4ftszeiten im Sommer - Manner","robots":{"index":"index","follow":"follow","max-snippet":"max-snippet:-1","max-image-preview":"max-image-preview:large","max-video-preview":"max-video-preview:-1"},"og_locale":"de_DE","og_type":"article","og_title":"Gesch\u00e4ftszeiten im Sommer - Manner","og_description":"Die Produktion der hochwertigen Manner-Produkte l\u00e4uft auch im Sommer auf vollen Touren, mit Ausnahme der Werksferien in den Wochen 31 und 32. Wir bitten Sie darum, dies bei Ihrer Planung zu ber\u00fccksichtigen. Bestellungen und Anfragen nehmen wir auch w\u00e4hrend der Werksferien gerne entgegen. Unser Verkaufsteam ist mit Ausnahme von Woche 31 den ganzen Sommer \u00fcber [&hellip;]","og_url":"https:\/\/www.manner.fi\/de\/nachrichten\/geschaeftszeiten-im-sommer-2\/","og_site_name":"Manner","article_published_time":"2020-05-29T07:28:49+00:00","og_image":[{"width":2560,"height":1440,"url":"https:\/\/www.manner.fi\/wp-content\/uploads\/2020\/01\/shutterstock_1132867904-scaled.jpg","type":"image\/jpeg"}],"author":"doop","twitter_card":"summary_large_image","twitter_misc":{"Verfasst von":"doop"},"schema":{"@context":"https:\/\/schema.org","@graph":[{"@type":"WebPage","@id":"https:\/\/www.manner.fi\/de\/nachrichten\/geschaeftszeiten-im-sommer-2\/","url":"https:\/\/www.manner.fi\/de\/nachrichten\/geschaeftszeiten-im-sommer-2\/","name":"Gesch\u00e4ftszeiten im Sommer - Manner","isPartOf":{"@id":"https:\/\/www.manner.fi\/#website"},"primaryImageOfPage":{"@id":"https:\/\/www.manner.fi\/de\/nachrichten\/geschaeftszeiten-im-sommer-2\/#primaryimage"},"image":{"@id":"https:\/\/www.manner.fi\/de\/nachrichten\/geschaeftszeiten-im-sommer-2\/#primaryimage"},"thumbnailUrl":"https:\/\/www.manner.fi\/wp-content\/uploads\/2020\/01\/shutterstock_1132867904-scaled.jpg","datePublished":"2020-05-29T07:28:49+00:00","author":{"@id":"https:\/\/www.manner.fi\/#\/schema\/person\/675766ccac8de189ecefab82b71925da"},"breadcrumb":{"@id":"https:\/\/www.manner.fi\/de\/nachrichten\/geschaeftszeiten-im-sommer-2\/#breadcrumb"},"inLanguage":"de","potentialAction":[{"@type":"ReadAction","target":["https:\/\/www.manner.fi\/de\/nachrichten\/geschaeftszeiten-im-sommer-2\/"]}]},{"@type":"ImageObject","inLanguage":"de","@id":"https:\/\/www.manner.fi\/de\/nachrichten\/geschaeftszeiten-im-sommer-2\/#primaryimage","url":"https:\/\/www.manner.fi\/wp-content\/uploads\/2020\/01\/shutterstock_1132867904-scaled.jpg","contentUrl":"https:\/\/www.manner.fi\/wp-content\/uploads\/2020\/01\/shutterstock_1132867904-scaled.jpg","width":2560,"height":1440},{"@type":"BreadcrumbList","@id":"https:\/\/www.manner.fi\/de\/nachrichten\/geschaeftszeiten-im-sommer-2\/#breadcrumb","itemListElement":[{"@type":"ListItem","position":1,"name":"Home","item":"https:\/\/www.manner.fi\/de\/"},{"@type":"ListItem","position":2,"name":"Gesch\u00e4ftszeiten im Sommer"}]},{"@type":"WebSite","@id":"https:\/\/www.manner.fi\/#website","url":"https:\/\/www.manner.fi\/","name":"Manner","description":"Smart Moves on Manner Castors","potentialAction":[{"@type":"SearchAction","target":{"@type":"EntryPoint","urlTemplate":"https:\/\/www.manner.fi\/?s={search_term_string}"},"query-input":{"@type":"PropertyValueSpecification","valueRequired":true,"valueName":"search_term_string"}}],"inLanguage":"de"},{"@type":"Person","@id":"https:\/\/www.manner.fi\/#\/schema\/person\/675766ccac8de189ecefab82b71925da","name":"doop","image":{"@type":"ImageObject","inLanguage":"de","@id":"https:\/\/www.manner.fi\/#\/schema\/person\/image\/","url":"https:\/\/secure.gravatar.com\/avatar\/3c90eee45f6c64fe078c59be292cfa32829c00d518bb4606607ed00fe1d8e437?s=96&d=mm&r=g","contentUrl":"https:\/\/secure.gravatar.com\/avatar\/3c90eee45f6c64fe078c59be292cfa32829c00d518bb4606607ed00fe1d8e437?s=96&d=mm&r=g","caption":"doop"}}]}},"_links":{"self":[{"href":"https:\/\/www.manner.fi\/de\/wp-json\/wp\/v2\/posts\/186403","targetHints":{"allow":["GET"]}}],"collection":[{"href":"https:\/\/www.manner.fi\/de\/wp-json\/wp\/v2\/posts"}],"about":[{"href":"https:\/\/www.manner.fi\/de\/wp-json\/wp\/v2\/types\/post"}],"author":[{"embeddable":true,"href":"https:\/\/www.manner.fi\/de\/wp-json\/wp\/v2\/users\/1"}],"replies":[{"embeddable":true,"href":"https:\/\/www.manner.fi\/de\/wp-json\/wp\/v2\/comments?post=186403"}],"version-history":[{"count":1,"href":"https:\/\/www.manner.fi\/de\/wp-json\/wp\/v2\/posts\/186403\/revisions"}],"predecessor-version":[{"id":186404,"href":"https:\/\/www.manner.fi\/de\/wp-json\/wp\/v2\/posts\/186403\/revisions\/186404"}],"wp:featuredmedia":[{"embeddable":true,"href":"https:\/\/www.manner.fi\/de\/wp-json\/wp\/v2\/media\/186006"}],"wp:attachment":[{"href":"https:\/\/www.manner.fi\/de\/wp-json\/wp\/v2\/media?parent=186403"}],"wp:term":[{"taxonomy":"category","embeddable":true,"href":"https:\/\/www.manner.fi\/de\/wp-json\/wp\/v2\/categories?post=186403"},{"taxonomy":"post_tag","embeddable":true,"href":"https:\/\/www.manner.fi\/de\/wp-json\/wp\/v2\/tags?post=186403"}],"curies":[{"name":"wp","href":"https:\/\/api.w.org\/{rel}","templated":true}]}}