{"id":186400,"date":"2020-05-29T10:27:57","date_gmt":"2020-05-29T07:27:57","guid":{"rendered":"https:\/\/www.manner.fi\/?p=186400"},"modified":"2020-10-20T14:05:56","modified_gmt":"2020-10-20T11:05:56","slug":"unsere-artikelserie-ueber-die-geschichte-von-mannerin-konepaja-bringt-uns-diesmal-zum-ende-des-ersten-weltkriegs-5-9","status":"publish","type":"post","link":"https:\/\/www.manner.fi\/de\/nachrichten\/unsere-artikelserie-ueber-die-geschichte-von-mannerin-konepaja-bringt-uns-diesmal-zum-ende-des-ersten-weltkriegs-5-9\/","title":{"rendered":"Unsere Artikelserie \u00fcber die Geschichte von Mannerin Konepaja bringt uns diesmal zum Ende des ersten Weltkriegs 5\/9"},"content":{"rendered":"<h3>Unsere Artikelserie \u00fcber die Geschichte von Mannerin Konepaja bringt uns diesmal zum Ende des ersten Weltkriegs \u2013 und zum Beginn der Unabh\u00e4ngigkeit Finnlands<\/h3>\n<p>Manner war entschlossen, mit neuer Kraft aus den Umw\u00e4lzungen hervorzugehen. Im Jahr 1917 befand sich auch das sonst so beschauliche Hanko im Aufruhr: Demonstrationen, Generalstreik, Lebensmittelknappheit\u2026 Juho Manner war nicht mehr der J\u00fcngste und beschloss, das Gesch\u00e4ft an seinen Sohn Yrj\u00f6 Manner zu verkaufen. Im Krieg hatte die Firma mit der Reparatur russischer Kriegsschiffe genug zu tun gehabt, doch nach der Unabh\u00e4ngigkeitserkl\u00e4rung Finnlands zogen diese ab, und mit dem Ausbruch des B\u00fcrgerkriegs kam der Betrieb zun\u00e4chst zum Erliegen.<\/p>\n<p>Der Neubeginn stand im Zeichen starker lokaler Konkurrenz. Einer der Mitbewerber, Hang\u00f6 Mekaniska Verkstad, wurde 1922 von Manner aufgekauft. Schiffsreparaturen waren weiterhin ein wichtiges Gesch\u00e4ftsfeld. Zwar war der Hafenbetrieb in Hanko Ende der zwanziger Jahre r\u00fcckl\u00e4ufig, doch Manner \u2013 erfahren in der Wartung von Kriegsschiffen \u2013 wurde zur Auftragswerkstatt der finnischen Marine.<\/p>\n<p>Als un\u00fcbersehbares Zeichen der Zeit schaffte Manner 1923 erstmals ein Auto an. Auch der Fl\u00e4chenbedarf wuchs weiter, und der Bau der heutigen Firmenzentrale an der Stra\u00dfe Pitk\u00e4katu wurde in Angriff genommen. Das 1931 bezogene neue Quartier bot nicht nur mehr Platz, sondern hatte sogar einen eigenen Eisenbahnanschluss!<\/p>\n","protected":false},"excerpt":{"rendered":"<p>Unsere Artikelserie \u00fcber die Geschichte von Mannerin Konepaja bringt uns diesmal zum Ende des ersten Weltkriegs \u2013 und zum Beginn der Unabh\u00e4ngigkeit Finnlands Manner war entschlossen, mit neuer Kraft aus den Umw\u00e4lzungen hervorzugehen. Im Jahr 1917 befand sich auch das sonst so beschauliche Hanko im Aufruhr: Demonstrationen, Generalstreik, Lebensmittelknappheit\u2026 Juho Manner war nicht mehr der [&hellip;]<\/p>\n","protected":false},"author":1,"featured_media":186387,"comment_status":"closed","ping_status":"open","sticky":false,"template":"","format":"standard","meta":{"_acf_changed":false,"footnotes":""},"categories":[86],"tags":[143],"class_list":["post-186400","post","type-post","status-publish","format-standard","has-post-thumbnail","hentry","category-nachrichten","tag-geschichte"],"acf":[],"yoast_head":"<!-- This site is optimized with the Yoast SEO plugin v25.2 - https:\/\/yoast.com\/wordpress\/plugins\/seo\/ -->\n<title>Unsere Artikelserie \u00fcber die Geschichte von Mannerin Konepaja bringt uns diesmal zum Ende des ersten Weltkriegs 5\/9 - Manner<\/title>\n<meta name=\"robots\" content=\"index, follow, max-snippet:-1, max-image-preview:large, max-video-preview:-1\" \/>\n<meta property=\"og:locale\" content=\"de_DE\" \/>\n<meta property=\"og:type\" content=\"article\" \/>\n<meta property=\"og:title\" content=\"Unsere Artikelserie \u00fcber die Geschichte von Mannerin Konepaja bringt uns diesmal zum Ende des ersten Weltkriegs 5\/9 - Manner\" \/>\n<meta property=\"og:description\" content=\"Unsere Artikelserie \u00fcber die Geschichte von Mannerin Konepaja bringt uns diesmal zum Ende des ersten Weltkriegs \u2013 und zum Beginn der Unabh\u00e4ngigkeit Finnlands Manner war entschlossen, mit neuer Kraft aus den Umw\u00e4lzungen hervorzugehen. Im Jahr 1917 befand sich auch das sonst so beschauliche Hanko im Aufruhr: Demonstrationen, Generalstreik, Lebensmittelknappheit\u2026 Juho Manner war nicht mehr der [&hellip;]\" \/>\n<meta property=\"og:url\" content=\"https:\/\/www.manner.fi\/de\/nachrichten\/unsere-artikelserie-ueber-die-geschichte-von-mannerin-konepaja-bringt-uns-diesmal-zum-ende-des-ersten-weltkriegs-5-9\/\" \/>\n<meta property=\"og:site_name\" content=\"Manner\" \/>\n<meta property=\"article:published_time\" content=\"2020-05-29T07:27:57+00:00\" \/>\n<meta property=\"article:modified_time\" content=\"2020-10-20T11:05:56+00:00\" \/>\n<meta property=\"og:image\" content=\"https:\/\/www.manner.fi\/wp-content\/uploads\/2020\/05\/Manner_web_hero_05.jpg\" \/>\n\t<meta property=\"og:image:width\" content=\"1600\" \/>\n\t<meta property=\"og:image:height\" content=\"612\" \/>\n\t<meta property=\"og:image:type\" content=\"image\/jpeg\" \/>\n<meta name=\"author\" content=\"doop\" \/>\n<meta name=\"twitter:card\" content=\"summary_large_image\" \/>\n<meta name=\"twitter:label1\" content=\"Verfasst von\" \/>\n\t<meta name=\"twitter:data1\" content=\"doop\" \/>\n\t<meta name=\"twitter:label2\" content=\"Gesch\u00e4tzte Lesezeit\" \/>\n\t<meta name=\"twitter:data2\" content=\"1\u00a0Minute\" \/>\n<script type=\"application\/ld+json\" class=\"yoast-schema-graph\">{\"@context\":\"https:\/\/schema.org\",\"@graph\":[{\"@type\":\"WebPage\",\"@id\":\"https:\/\/www.manner.fi\/de\/nachrichten\/unsere-artikelserie-ueber-die-geschichte-von-mannerin-konepaja-bringt-uns-diesmal-zum-ende-des-ersten-weltkriegs-5-9\/\",\"url\":\"https:\/\/www.manner.fi\/de\/nachrichten\/unsere-artikelserie-ueber-die-geschichte-von-mannerin-konepaja-bringt-uns-diesmal-zum-ende-des-ersten-weltkriegs-5-9\/\",\"name\":\"Unsere Artikelserie \u00fcber die Geschichte von Mannerin Konepaja bringt uns diesmal zum Ende des ersten Weltkriegs 5\/9 - Manner\",\"isPartOf\":{\"@id\":\"https:\/\/www.manner.fi\/#website\"},\"primaryImageOfPage\":{\"@id\":\"https:\/\/www.manner.fi\/de\/nachrichten\/unsere-artikelserie-ueber-die-geschichte-von-mannerin-konepaja-bringt-uns-diesmal-zum-ende-des-ersten-weltkriegs-5-9\/#primaryimage\"},\"image\":{\"@id\":\"https:\/\/www.manner.fi\/de\/nachrichten\/unsere-artikelserie-ueber-die-geschichte-von-mannerin-konepaja-bringt-uns-diesmal-zum-ende-des-ersten-weltkriegs-5-9\/#primaryimage\"},\"thumbnailUrl\":\"https:\/\/www.manner.fi\/wp-content\/uploads\/2020\/05\/Manner_web_hero_05.jpg\",\"datePublished\":\"2020-05-29T07:27:57+00:00\",\"dateModified\":\"2020-10-20T11:05:56+00:00\",\"author\":{\"@id\":\"https:\/\/www.manner.fi\/#\/schema\/person\/675766ccac8de189ecefab82b71925da\"},\"breadcrumb\":{\"@id\":\"https:\/\/www.manner.fi\/de\/nachrichten\/unsere-artikelserie-ueber-die-geschichte-von-mannerin-konepaja-bringt-uns-diesmal-zum-ende-des-ersten-weltkriegs-5-9\/#breadcrumb\"},\"inLanguage\":\"de\",\"potentialAction\":[{\"@type\":\"ReadAction\",\"target\":[\"https:\/\/www.manner.fi\/de\/nachrichten\/unsere-artikelserie-ueber-die-geschichte-von-mannerin-konepaja-bringt-uns-diesmal-zum-ende-des-ersten-weltkriegs-5-9\/\"]}]},{\"@type\":\"ImageObject\",\"inLanguage\":\"de\",\"@id\":\"https:\/\/www.manner.fi\/de\/nachrichten\/unsere-artikelserie-ueber-die-geschichte-von-mannerin-konepaja-bringt-uns-diesmal-zum-ende-des-ersten-weltkriegs-5-9\/#primaryimage\",\"url\":\"https:\/\/www.manner.fi\/wp-content\/uploads\/2020\/05\/Manner_web_hero_05.jpg\",\"contentUrl\":\"https:\/\/www.manner.fi\/wp-content\/uploads\/2020\/05\/Manner_web_hero_05.jpg\",\"width\":1600,\"height\":612},{\"@type\":\"BreadcrumbList\",\"@id\":\"https:\/\/www.manner.fi\/de\/nachrichten\/unsere-artikelserie-ueber-die-geschichte-von-mannerin-konepaja-bringt-uns-diesmal-zum-ende-des-ersten-weltkriegs-5-9\/#breadcrumb\",\"itemListElement\":[{\"@type\":\"ListItem\",\"position\":1,\"name\":\"Home\",\"item\":\"https:\/\/www.manner.fi\/de\/\"},{\"@type\":\"ListItem\",\"position\":2,\"name\":\"Unsere Artikelserie \u00fcber die Geschichte von Mannerin Konepaja bringt uns diesmal zum Ende des ersten Weltkriegs 5\/9\"}]},{\"@type\":\"WebSite\",\"@id\":\"https:\/\/www.manner.fi\/#website\",\"url\":\"https:\/\/www.manner.fi\/\",\"name\":\"Manner\",\"description\":\"Smart Moves on Manner Castors\",\"potentialAction\":[{\"@type\":\"SearchAction\",\"target\":{\"@type\":\"EntryPoint\",\"urlTemplate\":\"https:\/\/www.manner.fi\/?s={search_term_string}\"},\"query-input\":{\"@type\":\"PropertyValueSpecification\",\"valueRequired\":true,\"valueName\":\"search_term_string\"}}],\"inLanguage\":\"de\"},{\"@type\":\"Person\",\"@id\":\"https:\/\/www.manner.fi\/#\/schema\/person\/675766ccac8de189ecefab82b71925da\",\"name\":\"doop\",\"image\":{\"@type\":\"ImageObject\",\"inLanguage\":\"de\",\"@id\":\"https:\/\/www.manner.fi\/#\/schema\/person\/image\/\",\"url\":\"https:\/\/secure.gravatar.com\/avatar\/3c90eee45f6c64fe078c59be292cfa32829c00d518bb4606607ed00fe1d8e437?s=96&d=mm&r=g\",\"contentUrl\":\"https:\/\/secure.gravatar.com\/avatar\/3c90eee45f6c64fe078c59be292cfa32829c00d518bb4606607ed00fe1d8e437?s=96&d=mm&r=g\",\"caption\":\"doop\"}}]}<\/script>\n<!-- \/ Yoast SEO plugin. -->","yoast_head_json":{"title":"Unsere Artikelserie \u00fcber die Geschichte von Mannerin Konepaja bringt uns diesmal zum Ende des ersten Weltkriegs 5\/9 - Manner","robots":{"index":"index","follow":"follow","max-snippet":"max-snippet:-1","max-image-preview":"max-image-preview:large","max-video-preview":"max-video-preview:-1"},"og_locale":"de_DE","og_type":"article","og_title":"Unsere Artikelserie \u00fcber die Geschichte von Mannerin Konepaja bringt uns diesmal zum Ende des ersten Weltkriegs 5\/9 - Manner","og_description":"Unsere Artikelserie \u00fcber die Geschichte von Mannerin Konepaja bringt uns diesmal zum Ende des ersten Weltkriegs \u2013 und zum Beginn der Unabh\u00e4ngigkeit Finnlands Manner war entschlossen, mit neuer Kraft aus den Umw\u00e4lzungen hervorzugehen. Im Jahr 1917 befand sich auch das sonst so beschauliche Hanko im Aufruhr: Demonstrationen, Generalstreik, Lebensmittelknappheit\u2026 Juho Manner war nicht mehr der [&hellip;]","og_url":"https:\/\/www.manner.fi\/de\/nachrichten\/unsere-artikelserie-ueber-die-geschichte-von-mannerin-konepaja-bringt-uns-diesmal-zum-ende-des-ersten-weltkriegs-5-9\/","og_site_name":"Manner","article_published_time":"2020-05-29T07:27:57+00:00","article_modified_time":"2020-10-20T11:05:56+00:00","og_image":[{"width":1600,"height":612,"url":"https:\/\/www.manner.fi\/wp-content\/uploads\/2020\/05\/Manner_web_hero_05.jpg","type":"image\/jpeg"}],"author":"doop","twitter_card":"summary_large_image","twitter_misc":{"Verfasst von":"doop","Gesch\u00e4tzte Lesezeit":"1\u00a0Minute"},"schema":{"@context":"https:\/\/schema.org","@graph":[{"@type":"WebPage","@id":"https:\/\/www.manner.fi\/de\/nachrichten\/unsere-artikelserie-ueber-die-geschichte-von-mannerin-konepaja-bringt-uns-diesmal-zum-ende-des-ersten-weltkriegs-5-9\/","url":"https:\/\/www.manner.fi\/de\/nachrichten\/unsere-artikelserie-ueber-die-geschichte-von-mannerin-konepaja-bringt-uns-diesmal-zum-ende-des-ersten-weltkriegs-5-9\/","name":"Unsere Artikelserie \u00fcber die Geschichte von Mannerin Konepaja bringt uns diesmal zum Ende des ersten Weltkriegs 5\/9 - Manner","isPartOf":{"@id":"https:\/\/www.manner.fi\/#website"},"primaryImageOfPage":{"@id":"https:\/\/www.manner.fi\/de\/nachrichten\/unsere-artikelserie-ueber-die-geschichte-von-mannerin-konepaja-bringt-uns-diesmal-zum-ende-des-ersten-weltkriegs-5-9\/#primaryimage"},"image":{"@id":"https:\/\/www.manner.fi\/de\/nachrichten\/unsere-artikelserie-ueber-die-geschichte-von-mannerin-konepaja-bringt-uns-diesmal-zum-ende-des-ersten-weltkriegs-5-9\/#primaryimage"},"thumbnailUrl":"https:\/\/www.manner.fi\/wp-content\/uploads\/2020\/05\/Manner_web_hero_05.jpg","datePublished":"2020-05-29T07:27:57+00:00","dateModified":"2020-10-20T11:05:56+00:00","author":{"@id":"https:\/\/www.manner.fi\/#\/schema\/person\/675766ccac8de189ecefab82b71925da"},"breadcrumb":{"@id":"https:\/\/www.manner.fi\/de\/nachrichten\/unsere-artikelserie-ueber-die-geschichte-von-mannerin-konepaja-bringt-uns-diesmal-zum-ende-des-ersten-weltkriegs-5-9\/#breadcrumb"},"inLanguage":"de","potentialAction":[{"@type":"ReadAction","target":["https:\/\/www.manner.fi\/de\/nachrichten\/unsere-artikelserie-ueber-die-geschichte-von-mannerin-konepaja-bringt-uns-diesmal-zum-ende-des-ersten-weltkriegs-5-9\/"]}]},{"@type":"ImageObject","inLanguage":"de","@id":"https:\/\/www.manner.fi\/de\/nachrichten\/unsere-artikelserie-ueber-die-geschichte-von-mannerin-konepaja-bringt-uns-diesmal-zum-ende-des-ersten-weltkriegs-5-9\/#primaryimage","url":"https:\/\/www.manner.fi\/wp-content\/uploads\/2020\/05\/Manner_web_hero_05.jpg","contentUrl":"https:\/\/www.manner.fi\/wp-content\/uploads\/2020\/05\/Manner_web_hero_05.jpg","width":1600,"height":612},{"@type":"BreadcrumbList","@id":"https:\/\/www.manner.fi\/de\/nachrichten\/unsere-artikelserie-ueber-die-geschichte-von-mannerin-konepaja-bringt-uns-diesmal-zum-ende-des-ersten-weltkriegs-5-9\/#breadcrumb","itemListElement":[{"@type":"ListItem","position":1,"name":"Home","item":"https:\/\/www.manner.fi\/de\/"},{"@type":"ListItem","position":2,"name":"Unsere Artikelserie \u00fcber die Geschichte von Mannerin Konepaja bringt uns diesmal zum Ende des ersten Weltkriegs 5\/9"}]},{"@type":"WebSite","@id":"https:\/\/www.manner.fi\/#website","url":"https:\/\/www.manner.fi\/","name":"Manner","description":"Smart Moves on Manner Castors","potentialAction":[{"@type":"SearchAction","target":{"@type":"EntryPoint","urlTemplate":"https:\/\/www.manner.fi\/?s={search_term_string}"},"query-input":{"@type":"PropertyValueSpecification","valueRequired":true,"valueName":"search_term_string"}}],"inLanguage":"de"},{"@type":"Person","@id":"https:\/\/www.manner.fi\/#\/schema\/person\/675766ccac8de189ecefab82b71925da","name":"doop","image":{"@type":"ImageObject","inLanguage":"de","@id":"https:\/\/www.manner.fi\/#\/schema\/person\/image\/","url":"https:\/\/secure.gravatar.com\/avatar\/3c90eee45f6c64fe078c59be292cfa32829c00d518bb4606607ed00fe1d8e437?s=96&d=mm&r=g","contentUrl":"https:\/\/secure.gravatar.com\/avatar\/3c90eee45f6c64fe078c59be292cfa32829c00d518bb4606607ed00fe1d8e437?s=96&d=mm&r=g","caption":"doop"}}]}},"_links":{"self":[{"href":"https:\/\/www.manner.fi\/de\/wp-json\/wp\/v2\/posts\/186400","targetHints":{"allow":["GET"]}}],"collection":[{"href":"https:\/\/www.manner.fi\/de\/wp-json\/wp\/v2\/posts"}],"about":[{"href":"https:\/\/www.manner.fi\/de\/wp-json\/wp\/v2\/types\/post"}],"author":[{"embeddable":true,"href":"https:\/\/www.manner.fi\/de\/wp-json\/wp\/v2\/users\/1"}],"replies":[{"embeddable":true,"href":"https:\/\/www.manner.fi\/de\/wp-json\/wp\/v2\/comments?post=186400"}],"version-history":[{"count":2,"href":"https:\/\/www.manner.fi\/de\/wp-json\/wp\/v2\/posts\/186400\/revisions"}],"predecessor-version":[{"id":186402,"href":"https:\/\/www.manner.fi\/de\/wp-json\/wp\/v2\/posts\/186400\/revisions\/186402"}],"wp:featuredmedia":[{"embeddable":true,"href":"https:\/\/www.manner.fi\/de\/wp-json\/wp\/v2\/media\/186387"}],"wp:attachment":[{"href":"https:\/\/www.manner.fi\/de\/wp-json\/wp\/v2\/media?parent=186400"}],"wp:term":[{"taxonomy":"category","embeddable":true,"href":"https:\/\/www.manner.fi\/de\/wp-json\/wp\/v2\/categories?post=186400"},{"taxonomy":"post_tag","embeddable":true,"href":"https:\/\/www.manner.fi\/de\/wp-json\/wp\/v2\/tags?post=186400"}],"curies":[{"name":"wp","href":"https:\/\/api.w.org\/{rel}","templated":true}]}}